{"id":1494,"date":"2019-10-15T06:48:22","date_gmt":"2019-10-15T06:48:22","guid":{"rendered":"http:\/\/f-o.hr\/?p=1494"},"modified":"2019-10-15T06:48:22","modified_gmt":"2019-10-15T06:48:22","slug":"cupic-stanovi-su-5-skuplji-od-beca-i-16-od-ljubljane","status":"publish","type":"post","link":"https:\/\/f-o.hr\/hr\/cupic-stanovi-su-5-skuplji-od-beca-i-16-od-ljubljane\/","title":{"rendered":"\u010cupi\u0107: stanovi su 5% skuplji od Be\u010da i 16% od Ljubljane"},"content":{"rendered":"<p>Vlasnik i osniva\u010d tvrtki F.O. \/ Groupe, Denis \u010cupi\u0107 gostovao je u HRT-ovoj emisiji Otvoreno na temu rasta cijena nekretnina i utjecaja dr\u017eavnih subvencija na iste.<\/p>\n<p>Komentiraju\u0107i utjecaj subvencija na rasta cijena istaknuo je &#8211; One su jedan od, ali nisu prete\u017eiti razlog. Svjedoci smo da je u zadnje 4 godine, posebice u Zagrebu i Splitu, postala pomama za kratkoro\u010dnim najmovima. \u010cinjenica je da su kamate u bankama pale. Ljudi u na\u0161im krajevima su skloni \u0161tednji u cigli i betonu. Jednostavno svatko tko je imao neki ke\u0161 na raspolaganju je po\u010deo razmi\u0161ljati da ulo\u017ei u nekretninu. \u010cinjenica je i da se na moru i u Zagrebu gradi sve vi\u0161e hotelskog smje\u0161taja. I mi\u0161ljenja sam da \u0107e se ovaj balon polako ispuhati. Samo \u0107e kvalitetni stanovi na kvalitetnim lokacijama biti atraktivni na dugi rok. To je sigurno diglo cijenu nekretnina za 30 posto.<\/p>\n<p>Mogu\u0107nost alternative Zagrebu vidi u Zapre\u0161i\u0107u za kojega ka\u017ee da je &#8220;Zapre\u0161i\u0107 odli\u010dan za zagreba\u010dku spavaonicu, ali onda kad \u0107e biti dobro povezan s centrom. Autobusom koji vozi do centra, brzom \u017eeljeznicom. Tada \u0107e \u0161iri prsten Zagreba postati atraktivan.&#8221;<\/p>\n<p>Komentiraju\u0107i balon koji je ponovo nastao na tr\u017ei\u0161tu nekretnina napomenuo je &#8220;da moramo ozbiljno razmisliti o tome da su nama cijene novih stanova 5 posto skuplje od onih u Be\u010du i 16 posto skuplje od onih u Ljubljani.&#8221;<\/p>\n<p>Cijelu emisiju mo\u017eete pogledati <a href=\"https:\/\/vijesti.hrt.hr\/544723\/otvoreno-kako-do-stana-te-zasto-se-ulaze-u-nekretnine\">OVDJE<\/a><\/p>\n","protected":false},"excerpt":{"rendered":"<p>Vlasnik i osniva\u010d tvrtki F.O. \/ Groupe, Denis \u010cupi\u0107 gostovao je u HRT-ovoj emisiji Otvoreno na temu rasta cijena nekretnina i utjecaja dr\u017eavnih subvencija na iste. Komentiraju\u0107i utjecaj subvencija na rasta cijena istaknuo je &#8211; One su jedan od, ali nisu prete\u017eiti razlog. Svjedoci smo da je u zadnje 4 godine, posebice u Zagrebu i [&hellip;]<\/p>\n","protected":false},"author":5,"featured_media":1495,"comment_status":"open","ping_status":"open","sticky":false,"template":"","format":"standard","meta":{"footnotes":""},"categories":[11],"tags":[],"class_list":["post-1494","post","type-post","status-publish","format-standard","has-post-thumbnail","hentry","category-news"],"_links":{"self":[{"href":"https:\/\/f-o.hr\/hr\/wp-json\/wp\/v2\/posts\/1494","targetHints":{"allow":["GET"]}}],"collection":[{"href":"https:\/\/f-o.hr\/hr\/wp-json\/wp\/v2\/posts"}],"about":[{"href":"https:\/\/f-o.hr\/hr\/wp-json\/wp\/v2\/types\/post"}],"author":[{"embeddable":true,"href":"https:\/\/f-o.hr\/hr\/wp-json\/wp\/v2\/users\/5"}],"replies":[{"embeddable":true,"href":"https:\/\/f-o.hr\/hr\/wp-json\/wp\/v2\/comments?post=1494"}],"version-history":[{"count":1,"href":"https:\/\/f-o.hr\/hr\/wp-json\/wp\/v2\/posts\/1494\/revisions"}],"predecessor-version":[{"id":1497,"href":"https:\/\/f-o.hr\/hr\/wp-json\/wp\/v2\/posts\/1494\/revisions\/1497"}],"wp:featuredmedia":[{"embeddable":true,"href":"https:\/\/f-o.hr\/hr\/wp-json\/wp\/v2\/media\/1495"}],"wp:attachment":[{"href":"https:\/\/f-o.hr\/hr\/wp-json\/wp\/v2\/media?parent=1494"}],"wp:term":[{"taxonomy":"category","embeddable":true,"href":"https:\/\/f-o.hr\/hr\/wp-json\/wp\/v2\/categories?post=1494"},{"taxonomy":"post_tag","embeddable":true,"href":"https:\/\/f-o.hr\/hr\/wp-json\/wp\/v2\/tags?post=1494"}],"curies":[{"name":"wp","href":"https:\/\/api.w.org\/{rel}","templated":true}]}}